{"id":1013,"date":"2014-03-13T22:55:44","date_gmt":"2014-03-13T22:55:44","guid":{"rendered":"http:\/\/lunadebrigantia.com\/blog\/?p=1013"},"modified":"2014-03-13T22:55:44","modified_gmt":"2014-03-13T22:55:44","slug":"lactancia-materna-y-crisis-economica","status":"publish","type":"post","link":"http:\/\/lunadebrigantia.com\/blog\/postparto-y-lactancia\/lactancia-materna-y-crisis-economica\/","title":{"rendered":"Lactancia materna y crisis econ\u00f3mica"},"content":{"rendered":"<p style=\"text-align: justify;\">La malnutrici\u00f3n producida por la crisis econ\u00f3mica imposibilita la lactancia materna a muchas espa\u00f1olas. <a href=\"http:\/\/noticias.terra.es\/,e852a4e7242b4410VgnVCM3000009af154d0RCRD.html\" target=\"_blank\">Esta noticia<\/a> pudimos leerla el martes d\u00eda 11 y se extrae de un art\u00edculo escrito por la Asociaci\u00f3n Catalana de Enfermer\u00eda Pedi\u00e1trica, bajo el patrocinio de una archiconocida empresa nutric\u00e9utica.\u00a0Pero \u00bfrealmente la crisis econ\u00f3mica puede afectar a la leche materna? Las matronas, como profesionales especializados en lactancia materna, queremos dar a conocer nuestra opini\u00f3n al respecto.<\/p>\n<p style=\"text-align: justify;\"><a href=\"http:\/\/lunadebrigantia.com\/blog\/wp-content\/uploads\/2014\/03\/lactancia-en-crisis.jpg\" target=\"_blank\"><img loading=\"lazy\" decoding=\"async\" class=\"alignleft size-medium wp-image-1017\" alt=\"lactancia en crisis\" src=\"http:\/\/lunadebrigantia.com\/blog\/wp-content\/uploads\/2014\/03\/lactancia-en-crisis-300x200.jpg\" width=\"300\" height=\"200\" srcset=\"http:\/\/lunadebrigantia.com\/blog\/wp-content\/uploads\/2014\/03\/lactancia-en-crisis-300x200.jpg 300w, http:\/\/lunadebrigantia.com\/blog\/wp-content\/uploads\/2014\/03\/lactancia-en-crisis-1024x682.jpg 1024w, http:\/\/lunadebrigantia.com\/blog\/wp-content\/uploads\/2014\/03\/lactancia-en-crisis-660x440.jpg 660w\" sizes=\"auto, (max-width: 300px) 100vw, 300px\" \/><\/a>Los per\u00edodos de crisis o cat\u00e1strofes extremas tienen como consecuencia, entre otras situaciones, el afloramiento de enfermedades que ya se daban por controladas y la aparici\u00f3n de estados de\u00a0 de malnutrici\u00f3n en la poblaci\u00f3n. Cuando estas situaciones ocurren, la ayuda humanitaria se vuelca con los pa\u00edses afectados haciendo llegar sus ayudas. A menudo las f\u00f3rmulas infantiles son uno de los primeros recursos en llegar a estos pa\u00edses, porque existe un concepto err\u00f3neo de que la mayor\u00eda de los ni\u00f1os ya reciben alimentaci\u00f3n de f\u00f3rmula.\u00a0 Sin embargo, es m\u00e1s prudente, m\u00e1s f\u00e1cil y m\u00e1s barato proteger a las madres que amamantan, procur\u00e1ndoles una mejor alimentaci\u00f3n, que exponer al beb\u00e9 a una alimentaci\u00f3n a base de suced\u00e1neos de la leche materna u otros alimentos.<\/p>\n<p style=\"text-align: justify;\">Organizaciones internacionales como UNICEF<b> <\/b>hacen la siguiente afirmaci\u00f3n: \u201cla lactancia materna es una prioridad fundamental para la supervivencia infantil en las situaciones de emergencia\u201d. Asimismo, recomienda la lactancia materna como medida preventiva eficaz para reducir la mortalidad y como factor protector frente a la desnutrici\u00f3n infantil en zonas\u00a0 de extrema pobreza como el tercer mundo.<\/p>\n<p style=\"text-align: justify;\">Entonces, si la lactancia materna est\u00e1 especialmente indicada en pa\u00edses con escasos recursos, \u00bfqu\u00e9 podemos pensar de la situaci\u00f3n actual en Espa\u00f1a?<\/p>\n<p style=\"text-align: justify;\">La leche materna es el alimento m\u00e1s adaptado a las necesidades del beb\u00e9. Es precisamente en estos per\u00edodos de crisis nacionales cuando la lactancia materna debe ser m\u00e1s promovida por los profesionales sanitarios, ya que con ella las familias se garantizan una correcta alimentaci\u00f3n infantil. El nivel de malnutrici\u00f3n materna tiene que ser extremo para que \u00e9sta situaci\u00f3n afecte a la calidad y cantidad de leche producida por una madre que est\u00e1 amamantando a su hijo. Las madres malnutridas pueden seguir las mismas recomendaciones que el resto de las mujeres en lo que a lactancia materna respeta. Entre estas recomendaciones la\u00a0 Organizaci\u00f3n Mundial de la Salud (OMS) aboga por una<b> <\/b>\u201clactancia materna exclusiva durante los primeros \u00a0seis meses de vida, seguida de la introducci\u00f3n de alimentos complementarios y la continuaci\u00f3n de la lactancia materna hasta los dos a\u00f1os o m\u00e1s.\u201d<\/p>\n<p style=\"text-align: justify;\">Desde Luna de Brigantia queremos brindar apoyo a todas aquellas madres decididas a amamantar a sus hijos, sea cual sea su situaci\u00f3n econ\u00f3mica o personal, y recordarles que la leche materna es el \u00fanico alimento que satisface todas las necesidades nutricionales de su beb\u00e9, sin necesidad de suplementaci\u00f3n.<\/p>\n<p>&nbsp;<\/p>\n","protected":false},"excerpt":{"rendered":"<p>La malnutrici\u00f3n producida por la crisis econ\u00f3mica imposibilita la lactancia materna a muchas espa\u00f1olas. Esta noticia pudimos leerla el martes d\u00eda 11 y se extrae de un art\u00edculo escrito por la Asociaci\u00f3n Catalana de Enfermer\u00eda Pedi\u00e1trica, bajo el patrocinio de una archiconocida empresa nutric\u00e9utica.\u00a0Pero \u00bfrealmente la crisis econ\u00f3mica puede afectar a la leche materna? Las\u2026 <span class=\"read-more\"><a href=\"http:\/\/lunadebrigantia.com\/blog\/postparto-y-lactancia\/lactancia-materna-y-crisis-economica\/\">Read More &raquo;<\/a><\/span><\/p>\n","protected":false},"author":1,"featured_media":1017,"comment_status":"open","ping_status":"open","sticky":false,"template":"","format":"standard","meta":{"footnotes":""},"categories":[37,70],"tags":[68,67,57],"class_list":["post-1013","post","type-post","status-publish","format-standard","has-post-thumbnail","hentry","category-postparto-y-lactancia","category-reflexiones","tag-educacion-sanitaria","tag-lactancia-materna","tag-matronas"],"_links":{"self":[{"href":"http:\/\/lunadebrigantia.com\/blog\/wp-json\/wp\/v2\/posts\/1013","targetHints":{"allow":["GET"]}}],"collection":[{"href":"http:\/\/lunadebrigantia.com\/blog\/wp-json\/wp\/v2\/posts"}],"about":[{"href":"http:\/\/lunadebrigantia.com\/blog\/wp-json\/wp\/v2\/types\/post"}],"author":[{"embeddable":true,"href":"http:\/\/lunadebrigantia.com\/blog\/wp-json\/wp\/v2\/users\/1"}],"replies":[{"embeddable":true,"href":"http:\/\/lunadebrigantia.com\/blog\/wp-json\/wp\/v2\/comments?post=1013"}],"version-history":[{"count":9,"href":"http:\/\/lunadebrigantia.com\/blog\/wp-json\/wp\/v2\/posts\/1013\/revisions"}],"predecessor-version":[{"id":1023,"href":"http:\/\/lunadebrigantia.com\/blog\/wp-json\/wp\/v2\/posts\/1013\/revisions\/1023"}],"wp:featuredmedia":[{"embeddable":true,"href":"http:\/\/lunadebrigantia.com\/blog\/wp-json\/wp\/v2\/media\/1017"}],"wp:attachment":[{"href":"http:\/\/lunadebrigantia.com\/blog\/wp-json\/wp\/v2\/media?parent=1013"}],"wp:term":[{"taxonomy":"category","embeddable":true,"href":"http:\/\/lunadebrigantia.com\/blog\/wp-json\/wp\/v2\/categories?post=1013"},{"taxonomy":"post_tag","embeddable":true,"href":"http:\/\/lunadebrigantia.com\/blog\/wp-json\/wp\/v2\/tags?post=1013"}],"curies":[{"name":"wp","href":"https:\/\/api.w.org\/{rel}","templated":true}]}}